{"id":4733,"date":"2020-04-01T00:00:17","date_gmt":"2020-03-31T22:00:17","guid":{"rendered":"http:\/\/nureinkleinesklettertagebuch.de\/?p=4733"},"modified":"2020-04-19T09:55:30","modified_gmt":"2020-04-19T07:55:30","slug":"oestliche-kesselwand-1","status":"publish","type":"post","link":"http:\/\/nureinkleinesklettertagebuch.de\/?p=4733","title":{"rendered":"\u00d6stliche Kesselwand &#8211; 1"},"content":{"rendered":"<p>1.4. 2020, \u00d6stliche Kesselwand (S\u00fcd-Ost, etwas Baumschatten)<\/p>\n<p>Tja, wieder einmal bei der Gartenarbeit verhoben und schon ist es in den R\u00fccken gefahren. Am Montag war an klettern nicht zu denken und heute bin ich nach dem &#8222;Boulder&#8220; schnell wieder heim. Ich denke, dass n\u00e4chste Woche die Muskulatur wieder funktionieren sollte. <\/p>\n<p>&#8222;Hammer und Sichel&#8220; ist im Endeffekt ein herrlicher, fester Boulder an L\u00f6chern und Leisten sowie einem Riesenkiesel. Wenn alles vorbei ist, kann man quasi den 1. Ring einh\u00e4ngen, warum der nicht weiter links h\u00e4ngt, ist halt mal wieder so eine Pfalzsache (vorclippen hilft). Relativ leicht geht&#8217;s bis zum 2. Ring und dann sollte man abbauen. Bis zum 3. und gleichzeitig letzten Ring folgt nix Besonderes und der direkte Ausstieg zum Abseilbaum ist schmutzig und bemoost. <\/p>\n<table>\n<tbody>\n<tr>\n<td>*<\/td>\n<td>Hammer und Sichel<\/td>\n<td>8-<\/td>\n<td>rotpunkt (solo-toprope)<\/td>\n<td>fester, kurzer Boulder<\/td>\n<\/tr>\n<\/tbody>\n<\/table>\n\n","protected":false},"excerpt":{"rendered":"<p>1.4. 2020, \u00d6stliche Kesselwand (S\u00fcd-Ost, etwas Baumschatten) Tja, wieder einmal bei der Gartenarbeit verhoben und schon ist es in den R\u00fccken gefahren. Am Montag war an klettern nicht zu denken und heute bin ich nach dem &#8222;Boulder&#8220; schnell wieder heim. Ich denke, dass n\u00e4chste Woche die Muskulatur wieder funktionieren sollte. &#8222;Hammer und Sichel&#8220; ist im [&hellip;]<\/p>\n","protected":false},"author":1,"featured_media":0,"comment_status":"open","ping_status":"open","sticky":false,"template":"","format":"gallery","meta":{"ngg_post_thumbnail":0},"categories":[10,33],"tags":[],"_links":{"self":[{"href":"http:\/\/nureinkleinesklettertagebuch.de\/index.php?rest_route=\/wp\/v2\/posts\/4733"}],"collection":[{"href":"http:\/\/nureinkleinesklettertagebuch.de\/index.php?rest_route=\/wp\/v2\/posts"}],"about":[{"href":"http:\/\/nureinkleinesklettertagebuch.de\/index.php?rest_route=\/wp\/v2\/types\/post"}],"author":[{"embeddable":true,"href":"http:\/\/nureinkleinesklettertagebuch.de\/index.php?rest_route=\/wp\/v2\/users\/1"}],"replies":[{"embeddable":true,"href":"http:\/\/nureinkleinesklettertagebuch.de\/index.php?rest_route=%2Fwp%2Fv2%2Fcomments&post=4733"}],"version-history":[{"count":10,"href":"http:\/\/nureinkleinesklettertagebuch.de\/index.php?rest_route=\/wp\/v2\/posts\/4733\/revisions"}],"predecessor-version":[{"id":4779,"href":"http:\/\/nureinkleinesklettertagebuch.de\/index.php?rest_route=\/wp\/v2\/posts\/4733\/revisions\/4779"}],"wp:attachment":[{"href":"http:\/\/nureinkleinesklettertagebuch.de\/index.php?rest_route=%2Fwp%2Fv2%2Fmedia&parent=4733"}],"wp:term":[{"taxonomy":"category","embeddable":true,"href":"http:\/\/nureinkleinesklettertagebuch.de\/index.php?rest_route=%2Fwp%2Fv2%2Fcategories&post=4733"},{"taxonomy":"post_tag","embeddable":true,"href":"http:\/\/nureinkleinesklettertagebuch.de\/index.php?rest_route=%2Fwp%2Fv2%2Ftags&post=4733"}],"curies":[{"name":"wp","href":"https:\/\/api.w.org\/{rel}","templated":true}]}}